{"id":129833,"date":"2026-03-07T18:01:42","date_gmt":"2026-03-07T18:01:42","guid":{"rendered":"https:\/\/casaslujobarcelona.com\/casas-en-vilafranca-del-penedes\/"},"modified":"2026-03-07T18:14:11","modified_gmt":"2026-03-07T18:14:11","slug":"casas-en-vilafranca-del-penedes","status":"publish","type":"post","link":"https:\/\/casaslujobarcelona.com\/en\/casas-en-vilafranca-del-penedes\/","title":{"rendered":"Casas en Vilafranca del Pened\u00e8s"},"content":{"rendered":"<h1>\u00bfAdi\u00f3s al estr\u00e9s de Barcelona? Descubre por qu\u00e9 vivir en Vilafranca del Pened\u00e8s es la tendencia que conquista a las familias<\/h1>\n<h2>Introducci\u00f3n<\/h2>\n<p>Imagina despertar cada ma\u00f1ana con la vista de un mar de vi\u00f1edos que cambian de color con las estaciones, pero con la seguridad de que el centro de Barcelona est\u00e1 a menos de una hora de distancia. <strong>Vivir en Vilafranca del Pened\u00e8s<\/strong> se ha convertido en el secreto a voces para quienes buscan una calidad de vida superior sin renunciar a la pulsi\u00f3n de una ciudad vibrante. Conocida mundialmente como la Capital del Vino, esta localidad del Alt Pened\u00e8s ofrece un equilibrio casi po\u00e9tico entre la herencia medieval, el prestigio enol\u00f3gico y una infraestructura moderna dise\u00f1ada para el bienestar familiar.<\/p>\n<h1>Situaci\u00f3n geogr\u00e1fica<\/h1>\n<p>Vilafranca del Pened\u00e8s se erige en el coraz\u00f3n de la depresi\u00f3n del Pened\u00e8s, a una altitud de 223 metros sobre el nivel del mar. Su ubicaci\u00f3n es, hist\u00f3ricamente, su mayor activo: situada en una encrucijada estrat\u00e9gica, act\u00faa como el puente natural que conecta Barcelona con Tarragona. Esta posici\u00f3n privilegiada no solo define su paisaje, rodeado de hect\u00e1reas de cultivo de vid, sino que la consolida como un nodo log\u00edstico y de comunicaciones fundamental en el sur de Europa.<\/p>\n<h2>De palacios g\u00f3ticos a ramblas modernas: \u00bfD\u00f3nde establecerse?<\/h2>\n<p>A la hora de plantearse <strong>vivir en Vilafranca del Pened\u00e8s<\/strong>, la diversidad de sus barrios permite encontrar un hogar a medida de cada estilo de vida. El mercado inmobiliario aqu\u00ed destaca por ser significativamente m\u00e1s competitivo que en el \u00e1rea metropolitana de Barcelona, ofreciendo metros cuadrados de mayor calidad y espacios m\u00e1s amplios por el mismo presupuesto.<\/p>\n<ul>\n<li><strong>Centre Vila:<\/strong> Es el alma de la ciudad. Ideal para los amantes de la historia que buscan pisos con techos altos o casas se\u00f1oriales, todo a un paso del comercio local y la vida cultural.<\/li>\n<li><strong>La Girada:<\/strong> El barrio del futuro. Con sus amplias ramblas, zonas verdes y edificios de reciente construcci\u00f3n, es la zona predilecta para familias j\u00f3venes que buscan modernidad y seguridad.<\/li>\n<li><strong>Poble Nou:<\/strong> Una zona consolidada y extremadamente tranquila, perfecta por su proximidad a los principales centros educativos y equipamientos deportivos.<\/li>\n<li><strong>Les Clotes:<\/strong> Una opci\u00f3n din\u00e1mica y m\u00e1s asequible, que mantiene una fuerte identidad vecinal y una vitalidad constante.<\/li>\n<\/ul>\n<blockquote><p>\u201cEl mercado en el Alt Pened\u00e8s est\u00e1 experimentando un desplazamiento positivo; la gente ya no solo busca un dormitorio, busca un entorno que aporte valor a su tiempo libre\u201d, se\u00f1alan expertos del sector inmobiliario local.<\/p><\/blockquote>\n<h2>Mucho m\u00e1s que vino: Un patrimonio que toca el cielo<\/h2>\n<p>Residir aqu\u00ed significa sumergirse en una identidad cultural arrolladora. No se trata solo de ser la sede de la <strong>DO Pened\u00e8s<\/strong> o de albergar el <strong>VINSEUM<\/strong> (Museo de las Culturas del Vino de Catalu\u00f1a), sino de formar parte de una comunidad que celebra sus ra\u00edces con orgullo.<\/p>\n<p>La tradici\u00f3n castellera es el mejor ejemplo: los <strong>Castellers de Vilafranca<\/strong> son una de las agrupaciones de torres humanas m\u00e1s laureadas del mundo, elevando el nombre de la ciudad a la categor\u00eda de Patrimonio Inmaterial de la Humanidad. Adem\u00e1s, su <strong>Festa Major de Sant F\u00e8lix<\/strong>, declarada de Inter\u00e9s Nacional, transforma las calles cada agosto en un espect\u00e1culo de fuego, dragones y folklore que pocos lugares pueden igualar.<\/p>\n<p>El entorno urbano tambi\u00e9n es un museo al aire libre. El auge econ\u00f3mico del vino a finales del siglo XIX dej\u00f3 un legado de edificios modernistas con fachadas ornamentadas y balcones de hierro forjado que conviven con joyas del g\u00f3tico catal\u00e1n, como la majestuosa Bas\u00edlica de Santa Mar\u00eda.<\/p>\n<h2>Trabajar en la gran ciudad, dormir entre vi\u00f1edos: Conectividad total<\/h2>\n<p>Uno de los pilares para decidirse por <strong>vivir en Vilafranca del Pened\u00e8s<\/strong> es su excelente red de transporte. La ciudad ha reforzado recientemente sus comunicaciones para facilitar el <em>commuting<\/em> o desplazamiento diario de trabajadores y estudiantes.<\/p>\n<ol>\n<li><strong>Transporte por carretera:<\/strong> Acceso directo a la autopista AP-7 y la C-15, lo que permite situarse en Barcelona o Tarragona en tiempos muy competitivos.<\/li>\n<li><strong>Transporte P\u00fablico:<\/strong> La l\u00ednea <strong>R4 de Rodalies<\/strong> conecta directamente con Barcelona-Sants. Adem\u00e1s, el servicio de autob\u00fas <strong>Expr\u00e9s e6<\/strong> ha incrementado sus frecuencias, ofreciendo una conexi\u00f3n r\u00e1pida y c\u00f3moda con la Avenida Diagonal en la ciudad condal.<\/li>\n<li><strong>Servicios de proximidad:<\/strong> La ciudad cuenta con el Hospital Comarcal de l\u2019Alt Pened\u00e8s, una amplia oferta de escuelas p\u00fablicas y concertadas, y una red de comercio local que prioriza el producto de proximidad, como el famoso Gallo del Pened\u00e8s o el Xat\u00f3.<\/li>\n<li><strong>Escapadas a la costa:<\/strong> Aunque es una capital de interior, las playas de Sitges o Vilanova i la Geltr\u00fa est\u00e1n a tan solo 15-20 minutos en coche, permitiendo disfrutar del Mediterr\u00e1neo sin el ruido del turismo masivo.<\/li>\n<\/ol>\n<h2>Conclusiones clave<\/h2>\n<ul>\n<li><strong>Equilibrio perfecto:<\/strong> Ofrece la paz de un entorno rural rodeado de vi\u00f1edos con los servicios y la conectividad de una gran urbe.<\/li>\n<li><strong>Inversi\u00f3n inteligente:<\/strong> El mercado inmobiliario permite acceder a viviendas m\u00e1s espaciosas y modernas a precios m\u00e1s competitivos que en la primera corona de Barcelona.<\/li>\n<li><strong>Riqueza cultural:<\/strong> Es un epicentro de tradiciones (Castellers) y enolog\u00eda, lo que garantiza una oferta de ocio y gastronom\u00eda de primer nivel durante todo el a\u00f1o.<\/li>\n<\/ul>\n","protected":false},"excerpt":{"rendered":"<p>\u00bfAdi\u00f3s al estr\u00e9s de Barcelona? Descubre por qu\u00e9 vivir en Vilafranca del Pened\u00e8s es la tendencia que conquista a las familias Introducci\u00f3n Imagina despertar cada ma\u00f1ana con la vista de un mar de vi\u00f1edos que cambian de color con las estaciones, pero con la seguridad de que el centro de Barcelona est\u00e1 a menos de [&hellip;]<\/p>\n","protected":false},"author":4,"featured_media":129834,"comment_status":"closed","ping_status":"closed","sticky":false,"template":"","format":"standard","meta":{"_joinchat":[],"footnotes":""},"categories":[1400],"tags":[],"class_list":["post-129833","post","type-post","status-publish","format-standard","has-post-thumbnail","hentry","category-casas-y-propiedades-de-lujo"],"_links":{"self":[{"href":"https:\/\/casaslujobarcelona.com\/en\/wp-json\/wp\/v2\/posts\/129833","targetHints":{"allow":["GET"]}}],"collection":[{"href":"https:\/\/casaslujobarcelona.com\/en\/wp-json\/wp\/v2\/posts"}],"about":[{"href":"https:\/\/casaslujobarcelona.com\/en\/wp-json\/wp\/v2\/types\/post"}],"author":[{"embeddable":true,"href":"https:\/\/casaslujobarcelona.com\/en\/wp-json\/wp\/v2\/users\/4"}],"replies":[{"embeddable":true,"href":"https:\/\/casaslujobarcelona.com\/en\/wp-json\/wp\/v2\/comments?post=129833"}],"version-history":[{"count":2,"href":"https:\/\/casaslujobarcelona.com\/en\/wp-json\/wp\/v2\/posts\/129833\/revisions"}],"predecessor-version":[{"id":129836,"href":"https:\/\/casaslujobarcelona.com\/en\/wp-json\/wp\/v2\/posts\/129833\/revisions\/129836"}],"wp:featuredmedia":[{"embeddable":true,"href":"https:\/\/casaslujobarcelona.com\/en\/wp-json\/wp\/v2\/media\/129834"}],"wp:attachment":[{"href":"https:\/\/casaslujobarcelona.com\/en\/wp-json\/wp\/v2\/media?parent=129833"}],"wp:term":[{"taxonomy":"category","embeddable":true,"href":"https:\/\/casaslujobarcelona.com\/en\/wp-json\/wp\/v2\/categories?post=129833"},{"taxonomy":"post_tag","embeddable":true,"href":"https:\/\/casaslujobarcelona.com\/en\/wp-json\/wp\/v2\/tags?post=129833"}],"curies":[{"name":"wp","href":"https:\/\/api.w.org\/{rel}","templated":true}]}}