{"id":129892,"date":"2026-03-07T19:31:10","date_gmt":"2026-03-07T19:31:10","guid":{"rendered":"https:\/\/casaslujobarcelona.com\/casas-en-sant-joan-de-vilatorrada\/"},"modified":"2026-03-07T19:32:43","modified_gmt":"2026-03-07T19:32:43","slug":"casas-en-sant-joan-de-vilatorrada","status":"publish","type":"post","link":"https:\/\/casaslujobarcelona.com\/en\/casas-en-sant-joan-de-vilatorrada\/","title":{"rendered":"Casas en Sant Joan de Vilatorrada"},"content":{"rendered":"<h1>Vivir en Sant Joan de Vilatorrada: El secreto mejor guardado del Bages para una vida equilibrada<\/h1>\n<h2>Introducci\u00f3n<\/h2>\n<p>\u00bfTe imaginas disfrutar de la tranquilidad de un entorno natural sin renunciar a la vitalidad de una ciudad moderna? <strong>Vivir en Sant Joan de Vilatorrada<\/strong> se ha convertido en la opci\u00f3n predilecta para quienes buscan escapar del caos metropolitano de Barcelona sin perder la conexi\u00f3n con los servicios de primer nivel. Este municipio, que late al ritmo del r\u00edo Cardener, ofrece una combinaci\u00f3n \u00fanica de patrimonio industrial, una agenda cultural vibrante y una oferta inmobiliaria que todav\u00eda permite so\u00f1ar con la casa ideal. En este art\u00edculo, descubrimos por qu\u00e9 este rinc\u00f3n de la comarca del Bages es mucho m\u00e1s que un pueblo vecino de Manresa.<\/p>\n<h1>Situaci\u00f3n geogr\u00e1fica<\/h1>\n<p>Sant Joan de Vilatorrada se asienta estrat\u00e9gicamente en el coraz\u00f3n de la comarca del <strong>Bages<\/strong>, en la provincia de Barcelona. El municipio est\u00e1 literalmente abrazado por el curso del <strong>r\u00edo Cardener<\/strong>, que ha definido su fisonom\u00eda y su historia. Su ubicaci\u00f3n es privilegiada: se encuentra pegado a la capital comarcal, Manresa, lo que permite a sus habitantes disfrutar de una doble ventaja: la calma de una localidad de tama\u00f1o humano y el acceso inmediato a las grandes infraestructuras de transporte, comercio y servicios de la capital del Bages.<\/p>\n<h2>Un legado industrial que respira cultura y modernidad<\/h2>\n<p>La identidad de Sant Joan de Vilatorrada no se entiende sin su pasado textil. Lo que antes eran chimeneas y ruido de telares, hoy se ha transformado en espacios de convivencia y creatividad. El m\u00e1ximo exponente es <strong>Cal Gallifa<\/strong>, una antigua f\u00e1brica reconvertida en un espectacular complejo cultural que alberga la biblioteca, un teatro y salas de exposiciones.<\/p>\n<p>Este dinamismo se traduce en una vida social intensa. Expertos en desarrollo local destacan que el municipio ha sabido integrar su historia en el presente a trav\u00e9s de eventos como la <strong>Fira Embarrats<\/strong>, una recreaci\u00f3n hist\u00f3rica de los a\u00f1os 20 que atrae a miles de visitantes y refuerza el orgullo de pertenencia.<\/p>\n<blockquote>\n<p>\u201cLa transformaci\u00f3n de los espacios industriales en centros de servicios ciudadanos es un modelo de \u00e9xito en la gesti\u00f3n del patrimonio que define el car\u00e1cter resiliente de este municipio.\u201d<\/p>\n<\/blockquote>\n<p><strong>Estad\u00edstica clave:<\/strong> El sector servicios lidera actualmente la actividad econ\u00f3mica local, seguido de cerca por una industria que ha sabido modernizarse, manteniendo una tasa de ocupaci\u00f3n estable en comparaci\u00f3n con la media regional.<\/p>\n<h2>El mercado inmobiliario: Calidad de vida a precios reales<\/h2>\n<p>Uno de los mayores atractivos de <strong>vivir en Sant Joan de Vilatorrada<\/strong> es su mercado de vivienda. A diferencia de las zonas m\u00e1s tensionadas de la provincia, aqu\u00ed es posible encontrar una diversidad de tipolog\u00edas que se adaptan a todos los perfiles, desde j\u00f3venes que buscan su primera vivienda hasta familias que necesitan espacio.<\/p>\n<ul>\n<li><strong>Pisos y apartamentos:<\/strong> Con superficies que oscilan entre los 60 m\u00b2 y los 110 m\u00b2, la oferta es abundante en el n\u00facleo urbano, permitiendo vivir a pie de calle de comercios y escuelas.<\/li>\n<li><strong>Casas unifamiliares:<\/strong> En las zonas residenciales m\u00e1s tranquilas, se sit\u00faan chalets y casas con jard\u00edn que ofrecen vistas despejadas y una privacidad dif\u00edcil de encontrar en entornos m\u00e1s densos.<\/li>\n<li><strong>Rango de precios:<\/strong> La horquilla es competitiva, con opciones de segunda mano desde los 80.000\u20ac hasta propiedades de alto standing que superan los 300.000\u20ac, situ\u00e1ndose como una alternativa muy atractiva frente a los precios de la zona metropolitana.<\/li>\n<\/ul>\n<h2>Servicios y entorno: La comodidad de tenerlo todo \u201ca un paso\u201d<\/h2>\n<p>La vida cotidiana en Sant Joan de Vilatorrada est\u00e1 dise\u00f1ada para la comodidad. El municipio cuenta con una red de servicios que nada tiene que envidiar a ciudades m\u00e1s grandes. Desde una <strong>administraci\u00f3n electr\u00f3nica eficiente<\/strong> que permite realizar tr\u00e1mites las 24 horas, hasta una oferta educativa y sanitaria completa.<\/p>\n<p>Para los amantes del aire libre, el <strong>Parque de Catalunya<\/strong> act\u00faa como el pulm\u00f3n verde del centro, mientras que las rutas que siguen el r\u00edo Cardener son el escenario perfecto para el running, el ciclismo o paseos relajantes. Adem\u00e1s, la gastronom\u00eda local es un pilar fundamental; los productos de la zona, conocidos como <strong>\u201cL\u2019Horta de Sant Joan\u201d<\/strong>, se maridan a la perfecci\u00f3n con los prestigiosos vinos de la <strong>D.O. Pla de Bages<\/strong>, ofreciendo una experiencia culinaria de proximidad y alta calidad.<\/p>\n<p><strong>Recomendaci\u00f3n de experto:<\/strong> Si est\u00e1s pensando en mudarte, prioriza las viviendas cercanas al eje del Cardener para disfrutar de las mejores rutas naturales, pero aseg\u00farate de estar a una distancia caminable de Cal Gallifa para no perderte ni un \u00e1pice de la agenda cultural.<\/p>\n<h2>Conclusiones clave<\/h2>\n<ul>\n<li><strong>Ubicaci\u00f3n Estrat\u00e9gica:<\/strong> Vivir junto a Manresa permite disfrutar de servicios de gran ciudad manteniendo la esencia de un pueblo tranquilo.<\/li>\n<li><strong>Patrimonio Activo:<\/strong> Cal Gallifa y la Fira Embarrats son el coraz\u00f3n de una vida social y cultural envidiable.<\/li>\n<li><strong>Oportunidad Inmobiliaria:<\/strong> Precios competitivos y variedad de viviendas (desde pisos c\u00e9ntricos hasta chalets) lo convierten en un destino ideal para la inversi\u00f3n personal.<\/li>\n<li><strong>Conexi\u00f3n con la Naturaleza:<\/strong> El r\u00edo Cardener y el Parque de Catalunya garantizan espacios verdes y rutas de ocio activo para toda la familia.<\/li>\n<\/ul>\n","protected":false},"excerpt":{"rendered":"<p>Vivir en Sant Joan de Vilatorrada: El secreto mejor guardado del Bages para una vida equilibrada Introducci\u00f3n \u00bfTe imaginas disfrutar de la tranquilidad de un entorno natural sin renunciar a la vitalidad de una ciudad moderna? Vivir en Sant Joan de Vilatorrada se ha convertido en la opci\u00f3n predilecta para quienes buscan escapar del caos [&hellip;]<\/p>\n","protected":false},"author":4,"featured_media":129893,"comment_status":"closed","ping_status":"","sticky":false,"template":"","format":"standard","meta":{"_joinchat":[],"footnotes":""},"categories":[1400],"tags":[],"class_list":["post-129892","post","type-post","status-publish","format-standard","has-post-thumbnail","hentry","category-casas-y-propiedades-de-lujo"],"_links":{"self":[{"href":"https:\/\/casaslujobarcelona.com\/en\/wp-json\/wp\/v2\/posts\/129892","targetHints":{"allow":["GET"]}}],"collection":[{"href":"https:\/\/casaslujobarcelona.com\/en\/wp-json\/wp\/v2\/posts"}],"about":[{"href":"https:\/\/casaslujobarcelona.com\/en\/wp-json\/wp\/v2\/types\/post"}],"author":[{"embeddable":true,"href":"https:\/\/casaslujobarcelona.com\/en\/wp-json\/wp\/v2\/users\/4"}],"replies":[{"embeddable":true,"href":"https:\/\/casaslujobarcelona.com\/en\/wp-json\/wp\/v2\/comments?post=129892"}],"version-history":[{"count":4,"href":"https:\/\/casaslujobarcelona.com\/en\/wp-json\/wp\/v2\/posts\/129892\/revisions"}],"predecessor-version":[{"id":129897,"href":"https:\/\/casaslujobarcelona.com\/en\/wp-json\/wp\/v2\/posts\/129892\/revisions\/129897"}],"wp:featuredmedia":[{"embeddable":true,"href":"https:\/\/casaslujobarcelona.com\/en\/wp-json\/wp\/v2\/media\/129893"}],"wp:attachment":[{"href":"https:\/\/casaslujobarcelona.com\/en\/wp-json\/wp\/v2\/media?parent=129892"}],"wp:term":[{"taxonomy":"category","embeddable":true,"href":"https:\/\/casaslujobarcelona.com\/en\/wp-json\/wp\/v2\/categories?post=129892"},{"taxonomy":"post_tag","embeddable":true,"href":"https:\/\/casaslujobarcelona.com\/en\/wp-json\/wp\/v2\/tags?post=129892"}],"curies":[{"name":"wp","href":"https:\/\/api.w.org\/{rel}","templated":true}]}}