{"id":129898,"date":"2026-03-07T19:33:54","date_gmt":"2026-03-07T19:33:54","guid":{"rendered":"https:\/\/casaslujobarcelona.com\/casas-en-artes\/"},"modified":"2026-03-07T19:39:10","modified_gmt":"2026-03-07T19:39:10","slug":"casas-en-artes","status":"publish","type":"post","link":"https:\/\/casaslujobarcelona.com\/en\/casas-en-artes\/","title":{"rendered":"Casas en Art\u00e9s"},"content":{"rendered":"<h1>Vivir en Art\u00e9s: Descubre el oasis del Bages donde la tradici\u00f3n y el bienestar se encuentran<\/h1>\n<h2>Introducci\u00f3n<\/h2>\n<p>\u00bfAlguna vez has so\u00f1ado con despertar en un entorno donde el aroma a vi\u00f1edo y la tranquilidad del mundo rural se funden con la comodidad de tener todos los servicios a un paso? <strong>Vivir en Art\u00e9s<\/strong> no es solo elegir un c\u00f3digo postal; es sumergirse en una filosof\u00eda de vida donde el tiempo parece detenerse para disfrutar de lo que realmente importa. Situado en el coraz\u00f3n de Catalu\u00f1a, este municipio del Bages ha sabido evolucionar sin perder su esencia cooperativa y su estrecho v\u00ednculo con la tierra, convirti\u00e9ndose en el destino ideal para quienes buscan equilibrio, cultura y una comunidad vibrante.<\/p>\n<h1>Situaci\u00f3n geogr\u00e1fica<\/h1>\n<p>Art\u00e9s se alza majestuoso en la comarca del <strong>Bages<\/strong>, en la provincia de Barcelona. Estrat\u00e9gicamente ubicado en la Catalu\u00f1a Central, el municipio se encuentra rodeado de un paisaje ondulado de vi\u00f1edos y bosques, bajo la mirada atenta de la monta\u00f1a de Montserrat en el horizonte. Su localizaci\u00f3n es privilegiada: est\u00e1 a pocos minutos de Manresa, la capital comarcal, y perfectamente conectado con los principales ejes viarios que facilitan el acceso tanto a Barcelona como a los Pirineos, lo que lo convierte en un enclave perfecto para el descanso sin renunciar a la conectividad urbana.<\/p>\n<h2>El Coraz\u00f3n Vin\u00edcola: Un estilo de vida con Denominaci\u00f3n de Origen<\/h2>\n<p>La identidad de Art\u00e9s est\u00e1 escrita en sus cepas. Formar parte de la <strong>DO Pla de Bages<\/strong> no es solo un t\u00edtulo, es el motor econ\u00f3mico y social del pueblo. La joya de la corona es, sin duda, la uva <strong>Picapoll<\/strong>, una variedad aut\u00f3ctona que produce vinos blancos frescos y con una personalidad c\u00edtrica \u00fanica en el mundo.<\/p>\n<p>La historia del municipio est\u00e1 ligada a su bodega cooperativa centenaria, fundada en 1908, que representa la uni\u00f3n y el esfuerzo de generaciones. Hoy en d\u00eda, esa tradici\u00f3n se traduce en un <strong>enoturismo de primer nivel<\/strong>: catas guiadas, visitas a bodegas hist\u00f3ricas y una cultura del cava que nada tiene que envidiar a las grandes zonas productoras. Para los residentes, esto significa tener acceso directo a productos de proximidad de una calidad excepcional en establecimientos como la Agrobotiga local.<\/p>\n<blockquote>\n<p>\u201cLa cultura del vino en Art\u00e9s no es solo industria, es el lenguaje con el que celebramos nuestra historia y acogemos a quienes deciden quedarse\u201d.<\/p>\n<\/blockquote>\n<h2>Una Comunidad Vibrante: El pulso de la cultura y el ocio<\/h2>\n<p>Si algo define a quienes deciden vivir en Art\u00e9s es su esp\u00edritu participativo. El tejido asociativo es uno de los m\u00e1s ricos de la comarca, con entidades que dinamizan la vida diaria a trav\u00e9s de la m\u00fasica, el deporte y las tradiciones.<\/p>\n<ol>\n<li><strong>Festa de la Verema:<\/strong> En octubre, el pueblo se transforma para rendir homenaje a la vendimia. Es un evento masivo donde la gastronom\u00eda y el vino local toman las calles.<\/li>\n<li><strong>Vida Social en el Ateneu:<\/strong> Los espacios culturales y sociales, como el hist\u00f3rico Ateneu, son el punto de encuentro de j\u00f3venes y mayores, fomentando un sentimiento de pertenencia dif\u00edcil de encontrar en las grandes ciudades.<\/li>\n<li><strong>Agenda Deportiva:<\/strong> Con instalaciones modernas y rutas de senderismo que atraviesan paisajes naturales impresionantes, mantenerse activo es parte natural de la rutina diaria.<\/li>\n<\/ol>\n<h2>Servicios Modernos y Conectividad: Comodidad sin estr\u00e9s<\/h2>\n<p>Vivir en Art\u00e9s ofrece lo mejor de los dos mundos. Por un lado, el encanto de un n\u00facleo antiguo con plazas hist\u00f3ricas; por otro, una <strong>administraci\u00f3n local \u00e1gil y digitalizada<\/strong> que facilita la vida al ciudadano. El Ayuntamiento ha apostado por una gesti\u00f3n transparente, permitiendo realizar tr\u00e1mites desde casa y manteniendo informada a la poblaci\u00f3n sobre proyectos de mejora urbana y servicios p\u00fablicos.<\/p>\n<p>Adem\u00e1s, el municipio cuenta con una oferta educativa y sanitaria s\u00f3lida, lo que lo hace especialmente atractivo para familias que buscan un entorno seguro y saludable para sus hijos. La presencia de comercios locales, ferias de artesan\u00eda (como la reconocida Fira d\u2019Art\u00e9s en abril) y una gastronom\u00eda basada en productos de la huerta del Bages y embutidos tradicionales, garantiza una calidad de vida superior donde el consumo de proximidad es la norma, no la excepci\u00f3n.<\/p>\n<h2>Conclusiones clave<\/h2>\n<ul>\n<li><strong>Patrimonio Vitivin\u00edcola:<\/strong> Disfrutar\u00e1s de vivir en la cuna de la uva Picapoll, con acceso a los mejores vinos y cavas de la DO Pla de Bages.<\/li>\n<li><strong>Entorno Estrat\u00e9gico:<\/strong> La combinaci\u00f3n perfecta entre la paz del interior de Catalu\u00f1a y la cercan\u00eda a centros urbanos como Manresa y Barcelona.<\/li>\n<li><strong>Esp\u00edritu Comunitario:<\/strong> Una vida social activa marcada por festividades tradicionales y un tejido asociativo que te har\u00e1 sentir integrado desde el primer d\u00eda.<\/li>\n<\/ul>\n","protected":false},"excerpt":{"rendered":"<p>Vivir en Art\u00e9s: Descubre el oasis del Bages donde la tradici\u00f3n y el bienestar se encuentran Introducci\u00f3n \u00bfAlguna vez has so\u00f1ado con despertar en un entorno donde el aroma a vi\u00f1edo y la tranquilidad del mundo rural se funden con la comodidad de tener todos los servicios a un paso? Vivir en Art\u00e9s no es [&hellip;]<\/p>\n","protected":false},"author":4,"featured_media":129901,"comment_status":"closed","ping_status":"","sticky":false,"template":"","format":"standard","meta":{"_joinchat":[],"footnotes":""},"categories":[1400],"tags":[],"class_list":["post-129898","post","type-post","status-publish","format-standard","has-post-thumbnail","hentry","category-casas-y-propiedades-de-lujo"],"_links":{"self":[{"href":"https:\/\/casaslujobarcelona.com\/en\/wp-json\/wp\/v2\/posts\/129898","targetHints":{"allow":["GET"]}}],"collection":[{"href":"https:\/\/casaslujobarcelona.com\/en\/wp-json\/wp\/v2\/posts"}],"about":[{"href":"https:\/\/casaslujobarcelona.com\/en\/wp-json\/wp\/v2\/types\/post"}],"author":[{"embeddable":true,"href":"https:\/\/casaslujobarcelona.com\/en\/wp-json\/wp\/v2\/users\/4"}],"replies":[{"embeddable":true,"href":"https:\/\/casaslujobarcelona.com\/en\/wp-json\/wp\/v2\/comments?post=129898"}],"version-history":[{"count":3,"href":"https:\/\/casaslujobarcelona.com\/en\/wp-json\/wp\/v2\/posts\/129898\/revisions"}],"predecessor-version":[{"id":129912,"href":"https:\/\/casaslujobarcelona.com\/en\/wp-json\/wp\/v2\/posts\/129898\/revisions\/129912"}],"wp:featuredmedia":[{"embeddable":true,"href":"https:\/\/casaslujobarcelona.com\/en\/wp-json\/wp\/v2\/media\/129901"}],"wp:attachment":[{"href":"https:\/\/casaslujobarcelona.com\/en\/wp-json\/wp\/v2\/media?parent=129898"}],"wp:term":[{"taxonomy":"category","embeddable":true,"href":"https:\/\/casaslujobarcelona.com\/en\/wp-json\/wp\/v2\/categories?post=129898"},{"taxonomy":"post_tag","embeddable":true,"href":"https:\/\/casaslujobarcelona.com\/en\/wp-json\/wp\/v2\/tags?post=129898"}],"curies":[{"name":"wp","href":"https:\/\/api.w.org\/{rel}","templated":true}]}}