{"id":130003,"date":"2026-03-07T20:12:50","date_gmt":"2026-03-07T20:12:50","guid":{"rendered":"https:\/\/casaslujobarcelona.com\/casas-en-berga\/"},"modified":"2026-03-07T20:14:19","modified_gmt":"2026-03-07T20:14:19","slug":"casas-en-berga","status":"publish","type":"post","link":"https:\/\/casaslujobarcelona.com\/en\/casas-en-berga\/","title":{"rendered":"Casas en Berga"},"content":{"rendered":"<h1>\u00bfAdi\u00f3s al caos urbano? Por qu\u00e9 vivir en Berga es el secreto mejor guardado a una hora de Barcelona<\/h1>\n<h2>Introducci\u00f3n<\/h2>\n<p>\u00bfAlguna vez has so\u00f1ado con despertarte viendo las monta\u00f1as del Prepirineo, pero sabiendo que puedes estar en una gran ciudad en poco m\u00e1s de sesenta minutos? En un mundo donde el teletrabajo y la b\u00fasqueda de bienestar han redefinido nuestras prioridades, <strong>vivir en Berga<\/strong> se ha posicionado como la alternativa inteligente para quienes buscan calidad de vida sin renunciar a los servicios modernos. Aqu\u00ed, el aire puro no es un lujo de fin de semana, sino el escenario diario de una vida conectada con la naturaleza y la tradici\u00f3n.<\/p>\n<h1>Situaci\u00f3n geogr\u00e1fica<\/h1>\n<p>Berga es la capital de la comarca del <strong>Bergued\u00e0<\/strong>, en la provincia de Barcelona. Se asienta estrat\u00e9gicamente al pie de la <strong>sierra de Queralt<\/strong>, lo que le otorga el sobrenombre de \u201cel balc\u00f3n de Catalu\u00f1a\u201d. Su ubicaci\u00f3n es privilegiada: act\u00faa como puerta de entrada al Pirineo, conectada directamente con Barcelona y el T\u00fanel del Cad\u00ed a trav\u00e9s del eje de la <strong>C-16<\/strong>, facilitando un acceso r\u00e1pido tanto hacia la metr\u00f3polis como hacia las estaciones de esqu\u00ed y la alta monta\u00f1a.<\/p>\n<h2>El equilibrio perfecto: Naturaleza salvaje con servicios de ciudad<\/h2>\n<p>Residir en Berga no significa aislarse en un entorno rural carente de comodidades. Como centro administrativo y comercial de la comarca, la ciudad ofrece todo lo necesario para la vida diaria: un hospital de referencia, centros educativos de calidad, una vibrante red de comercios locales y una infraestructura digital que permite el teletrabajo sin fisuras.<\/p>\n<p><strong>An\u00e1lisis del entorno:<\/strong><br \/>\nLa ciudad se encuentra rodeada de hitos naturales que son la envidia del territorio catal\u00e1n. Desde el <strong>Parque Natural del Cad\u00ed-Moixer\u00f3<\/strong> hasta la ic\u00f3nica silueta del <strong>Pedraforca<\/strong>, el entorno invita a un estilo de vida activo. Estad\u00edsticamente, las familias que se trasladan a zonas de monta\u00f1a como el Bergued\u00e0 reportan una reducci\u00f3n significativa en los niveles de estr\u00e9s y una mejora en la salud respiratoria, gracias a la baja contaminaci\u00f3n y al contacto directo con el entorno fluvial del r\u00edo Llobregat.<\/p>\n<h2>Patrimonio de la Humanidad en la puerta de casa<\/h2>\n<p>Vivir en Berga es sumergirse en una cultura que se vive con una intensidad \u00fanica. La ciudad no solo es un lugar de residencia, es el epicentro de <strong>La Patum<\/strong>, una festividad de origen medieval declarada <strong>Patrimonio Cultural Inmaterial de la Humanidad por la UNESCO<\/strong>.<\/p>\n<p><strong>Ejemplos del esp\u00edritu local:<\/strong><\/p>\n<ul>\n<li><strong>La Patum:<\/strong> Durante el Corpus Christi, la plaza de San Pedro se transforma en un escenario ritual de fuego, m\u00fasica y figuras m\u00edsticas como las Guites, la \u00c0liga o los Plens. Es una experiencia que cohesiona a la comunidad y atrae miradas de todo el mundo.<\/li>\n<li><strong>Gastronom\u00eda de monta\u00f1a:<\/strong> La vida aqu\u00ed sabe a \u201cpatates emmascarades\u201d y \u201cp\u00e8sols negres\u201d. La tradici\u00f3n de la recolecci\u00f3n de setas (bolets) es casi una religi\u00f3n local, convirtiendo los oto\u00f1os en un fest\u00edn culinario y econ\u00f3mico para la regi\u00f3n.<\/li>\n<li><strong>Barrio Viejo:<\/strong> Pasear por sus calles es conectar con el pasado industrial y comercial, manteniendo ese esp\u00edritu de pueblo donde la gente se saluda por su nombre.<\/li>\n<\/ul>\n<h2>Inversi\u00f3n inteligente: Vivienda y conectividad<\/h2>\n<p>Desde una perspectiva inmobiliaria, Berga presenta una ventaja competitiva imbatible frente al \u00e1rea metropolitana de Barcelona. Mientras que en la capital los precios por metro cuadrado expulsan a las familias j\u00f3venes, en Berga es posible encontrar <strong>casas unifamiliares y pisos amplios<\/strong> a precios mucho m\u00e1s asequibles y competitivos.<\/p>\n<p><strong>Insights accionables:<\/strong><\/p>\n<ol>\n<li><strong>Coste de vida:<\/strong> El mercado inmobiliario en Berga suele liderar las transacciones en la comarca por su excelente relaci\u00f3n calidad-precio. Es un momento \u00f3ptimo para compradores que buscan una primera residencia con mayor espacio y luz.<\/li>\n<li><strong>Log\u00edstica estrat\u00e9gica:<\/strong> La C-16 es la arteria vital. Permite vivir en un entorno de prepirineo manteniendo la posibilidad de reuniones presenciales en Barcelona o escapadas de esqu\u00ed en menos de 45 minutos.<\/li>\n<li><strong>Tranquilidad garantizada:<\/strong> Los expertos en urbanismo destacan a Berga como un nodo de \u201cturismo sostenible y residencia pausada\u201d, ideal para quienes huyen del ruido pero requieren servicios p\u00fablicos eficientes (gesti\u00f3n de tr\u00e1mites, multas o licencias a trav\u00e9s de una sede electr\u00f3nica moderna).<\/li>\n<\/ol>\n<h2>Conclusiones clave<\/h2>\n<ul>\n<li><strong>Naturaleza a tu alcance:<\/strong> El Santuario de Queralt y el Pedraforca son tu jard\u00edn trasero; ideal para entusiastas del senderismo y la vida sana.<\/li>\n<li><strong>Ahorro y amplitud:<\/strong> Acceso a viviendas mucho m\u00e1s espaciosas y econ\u00f3micas que en el cintur\u00f3n de Barcelona, sin perder la conectividad de la C-16.<\/li>\n<li><strong>Identidad \u00fanica:<\/strong> Formar parte de una comunidad con tradiciones mundiales como La Patum y una gastronom\u00eda de monta\u00f1a excepcional.<\/li>\n<\/ul>\n","protected":false},"excerpt":{"rendered":"<p>\u00bfAdi\u00f3s al caos urbano? Por qu\u00e9 vivir en Berga es el secreto mejor guardado a una hora de Barcelona Introducci\u00f3n \u00bfAlguna vez has so\u00f1ado con despertarte viendo las monta\u00f1as del Prepirineo, pero sabiendo que puedes estar en una gran ciudad en poco m\u00e1s de sesenta minutos? En un mundo donde el teletrabajo y la b\u00fasqueda [&hellip;]<\/p>\n","protected":false},"author":4,"featured_media":130004,"comment_status":"closed","ping_status":"","sticky":false,"template":"","format":"standard","meta":{"_joinchat":[],"footnotes":""},"categories":[1400],"tags":[],"class_list":["post-130003","post","type-post","status-publish","format-standard","has-post-thumbnail","hentry","category-casas-y-propiedades-de-lujo"],"_links":{"self":[{"href":"https:\/\/casaslujobarcelona.com\/en\/wp-json\/wp\/v2\/posts\/130003","targetHints":{"allow":["GET"]}}],"collection":[{"href":"https:\/\/casaslujobarcelona.com\/en\/wp-json\/wp\/v2\/posts"}],"about":[{"href":"https:\/\/casaslujobarcelona.com\/en\/wp-json\/wp\/v2\/types\/post"}],"author":[{"embeddable":true,"href":"https:\/\/casaslujobarcelona.com\/en\/wp-json\/wp\/v2\/users\/4"}],"replies":[{"embeddable":true,"href":"https:\/\/casaslujobarcelona.com\/en\/wp-json\/wp\/v2\/comments?post=130003"}],"version-history":[{"count":6,"href":"https:\/\/casaslujobarcelona.com\/en\/wp-json\/wp\/v2\/posts\/130003\/revisions"}],"predecessor-version":[{"id":130011,"href":"https:\/\/casaslujobarcelona.com\/en\/wp-json\/wp\/v2\/posts\/130003\/revisions\/130011"}],"wp:featuredmedia":[{"embeddable":true,"href":"https:\/\/casaslujobarcelona.com\/en\/wp-json\/wp\/v2\/media\/130004"}],"wp:attachment":[{"href":"https:\/\/casaslujobarcelona.com\/en\/wp-json\/wp\/v2\/media?parent=130003"}],"wp:term":[{"taxonomy":"category","embeddable":true,"href":"https:\/\/casaslujobarcelona.com\/en\/wp-json\/wp\/v2\/categories?post=130003"},{"taxonomy":"post_tag","embeddable":true,"href":"https:\/\/casaslujobarcelona.com\/en\/wp-json\/wp\/v2\/tags?post=130003"}],"curies":[{"name":"wp","href":"https:\/\/api.w.org\/{rel}","templated":true}]}}