{"id":130072,"date":"2026-03-07T20:30:22","date_gmt":"2026-03-07T20:30:22","guid":{"rendered":"https:\/\/casaslujobarcelona.com\/casas-en-mataro\/"},"modified":"2026-03-07T20:32:56","modified_gmt":"2026-03-07T20:32:56","slug":"casas-en-mataro","status":"publish","type":"post","link":"https:\/\/casaslujobarcelona.com\/en\/casas-en-mataro\/","title":{"rendered":"Casas en Matar\u00f3"},"content":{"rendered":"<h1>\u00bfVivir en Matar\u00f3 o Barcelona? El refugio mediterr\u00e1neo que est\u00e1 enamorando a quienes buscan calidad de vida<\/h1>\n<h2>Introducci\u00f3n<\/h2>\n<p>\u00bfTe imaginas despertar con el sonido del Mediterr\u00e1neo, desayunar en una terraza modernista y estar en el centro de una gran metr\u00f3polis en menos de 45 minutos? Ese es el equilibrio que miles de personas est\u00e1n encontrando en <strong>Matar\u00f3<\/strong>. Mientras Barcelona lucha contra la saturaci\u00f3n y los precios prohibitivos, la capital del Maresme se ha erigido como la alternativa inteligente: una ciudad con alma de pueblo, servicios de capital y una conexi\u00f3n con la naturaleza que la gran ciudad simplemente no puede igualar.<\/p>\n<h1>Situaci\u00f3n geogr\u00e1fica<\/h1>\n<p>Matar\u00f3 se ubica estrat\u00e9gicamente en la costa central de Catalu\u00f1a, siendo la capital y el pulm\u00f3n econ\u00f3mico de la comarca del <strong>Maresme<\/strong>. Situada a tan solo 30 kil\u00f3metros al norte de Barcelona, se asienta en una franja privilegiada entre las playas del litoral y las estribaciones de la cordillera Litoral (Parque del Montnegre i el Corredor), ofreciendo una dualidad mar-monta\u00f1a \u00fanica en la regi\u00f3n.<\/p>\n<h2>El \u201cEfecto Expulsi\u00f3n\u201d y el nuevo estilo de vida mediterr\u00e1neo<\/h2>\n<p>El mercado inmobiliario en Barcelona ha alcanzado techos hist\u00f3ricos, lo que ha provocado un desplazamiento masivo hacia ciudades dormitorio con identidad propia. Matar\u00f3 no solo ofrece metros cuadrados m\u00e1s asequibles \u2014con un valor por metro cuadrado significativamente inferior al de la capital catalana\u2014 sino una infraestructura que garantiza independencia total.<\/p>\n<p><strong>An\u00e1lisis del mercado:<\/strong><br \/>\nLos expertos del sector destacan que el perfil del nuevo residente es el de familias j\u00f3venes y profesionales digitales. Seg\u00fan las tendencias actuales, los compradores buscan viviendas con mayor luminosidad y espacios abiertos, algo que en Matar\u00f3 es la norma y no la excepci\u00f3n. La ciudad cuenta con hitos de servicios como el <strong>Hospital de Matar\u00f3<\/strong>, el centro comercial <strong>Matar\u00f3 Parc<\/strong> y el <strong>TecnoCampus<\/strong>, un nodo universitario y tecnol\u00f3gico que atrae talento y dinamismo econ\u00f3mico a la zona.<\/p>\n<h2>Barrios y contrastes: \u00bfD\u00f3nde poner el ojo?<\/h2>\n<p>Matar\u00f3 es una ciudad de contrastes fascinantes donde el patrimonio romano de la antigua <em>Iluro<\/em> convive con la modernidad del siglo XXI. Elegir la zona adecuada es clave para una experiencia de vida satisfactoria.<\/p>\n<ul>\n<li><strong>Centro y Eixample:<\/strong> El coraz\u00f3n hist\u00f3rico. Aqu\u00ed la vida transcurre entre calles peatonales, mercados tradicionales como el de la Plaza de Cuba y joyas arquitect\u00f3nicas como la <strong>Nau Gaud\u00ed<\/strong> (la primera obra del genio Antoni Gaud\u00ed). Es ideal para quienes buscan el encanto de lo antiguo con la comodidad de tenerlo todo a pie.<\/li>\n<li><strong>V\u00eda Europa:<\/strong> La joya de la corona para las familias. Es la zona de expansi\u00f3n m\u00e1s moderna, con amplias avenidas, edificios de reciente construcci\u00f3n, parques generosos y una conexi\u00f3n inmejorable con la autopista C-32.<\/li>\n<li><strong>Vista Alegre y Els Molins:<\/strong> Para los que buscan perspectiva. Ubicados en zonas elevadas, estos barrios ofrecen tranquilidad y, en muchos casos, vistas espectaculares al mar que son dif\u00edciles de encontrar en el centro urbano.<\/li>\n<li><strong>El frente mar\u00edtimo:<\/strong> Conectando las playas del Varador y del Callao, el Paseo Mar\u00edtimo es el epicentro del ocio saludable, perfecto para corredores, ciclistas y amantes de la gastronom\u00eda marinera.<\/li>\n<\/ul>\n<h2>Realidad log\u00edstica: Consejos para el d\u00eda a d\u00eda<\/h2>\n<p>Vivir fuera de la gran ciudad requiere una planificaci\u00f3n inteligente, especialmente en lo que respecta a la movilidad. Matar\u00f3 disfruta de una conectividad excelente, pero con matices que todo futuro residente debe conocer.<\/p>\n<p><strong>Recomendaciones de expertos:<\/strong><\/p>\n<ol>\n<li><strong>Movilidad h\u00edbrida:<\/strong> La l\u00ednea R1 de Rodalies conecta Matar\u00f3 con el centro de Barcelona en unos 40-45 minutos. Si trabajas en la capital, muchos residentes optan por el tren para leer o trabajar durante el trayecto, evitando el tr\u00e1fico de la C-32 en hora punta.<\/li>\n<li><strong>Inmersi\u00f3n cultural:<\/strong> Para entender la ciudad, hay que vivir <strong>\u201cLes Santes\u201d<\/strong> en julio. Esta Fiesta Mayor es el pegamento social de la comunidad y una de las festividades m\u00e1s potentes de Catalu\u00f1a.<\/li>\n<li><strong>Gastronom\u00eda local:<\/strong> No puedes decir que vives en Matar\u00f3 hasta que pruebas la <em>s\u00edpia amb p\u00e8sols<\/em> (sepia con guisantes), el plato estrella que celebra los productos de la huerta del Maresme.<\/li>\n<li><strong>Seguridad y Convivencia:<\/strong> Como en cualquier ciudad de 129.000 habitantes, existen zonas con mayores retos sociales. Barrios como Cerdanyola o Rocafonda ofrecen los precios m\u00e1s competitivos, pero requieren una visita previa para evaluar si encajan con el estilo de vida buscado.<\/li>\n<\/ol>\n<h2>Conclusiones clave<\/h2>\n<ul>\n<li><strong>Ratios de valor inmejorables:<\/strong> Obtienes m\u00e1s espacio, luz y calidad de vida por el mismo presupuesto que un piso peque\u00f1o en Barcelona.<\/li>\n<li><strong>Equilibrio natural:<\/strong> Acceso inmediato a playas con bandera azul y a rutas de monta\u00f1a en menos de 10 minutos.<\/li>\n<li><strong>Identidad propia:<\/strong> No es una ciudad dormitorio; es una capital con servicios completos, universidad, hospital de referencia y una agenda cultural vibrante.<\/li>\n<\/ul>\n","protected":false},"excerpt":{"rendered":"<p>\u00bfVivir en Matar\u00f3 o Barcelona? El refugio mediterr\u00e1neo que est\u00e1 enamorando a quienes buscan calidad de vida Introducci\u00f3n \u00bfTe imaginas despertar con el sonido del Mediterr\u00e1neo, desayunar en una terraza modernista y estar en el centro de una gran metr\u00f3polis en menos de 45 minutos? Ese es el equilibrio que miles de personas est\u00e1n encontrando [&hellip;]<\/p>\n","protected":false},"author":4,"featured_media":130073,"comment_status":"closed","ping_status":"","sticky":false,"template":"","format":"standard","meta":{"_joinchat":[],"footnotes":""},"categories":[1400],"tags":[],"class_list":["post-130072","post","type-post","status-publish","format-standard","has-post-thumbnail","hentry","category-casas-y-propiedades-de-lujo"],"_links":{"self":[{"href":"https:\/\/casaslujobarcelona.com\/en\/wp-json\/wp\/v2\/posts\/130072","targetHints":{"allow":["GET"]}}],"collection":[{"href":"https:\/\/casaslujobarcelona.com\/en\/wp-json\/wp\/v2\/posts"}],"about":[{"href":"https:\/\/casaslujobarcelona.com\/en\/wp-json\/wp\/v2\/types\/post"}],"author":[{"embeddable":true,"href":"https:\/\/casaslujobarcelona.com\/en\/wp-json\/wp\/v2\/users\/4"}],"replies":[{"embeddable":true,"href":"https:\/\/casaslujobarcelona.com\/en\/wp-json\/wp\/v2\/comments?post=130072"}],"version-history":[{"count":3,"href":"https:\/\/casaslujobarcelona.com\/en\/wp-json\/wp\/v2\/posts\/130072\/revisions"}],"predecessor-version":[{"id":130076,"href":"https:\/\/casaslujobarcelona.com\/en\/wp-json\/wp\/v2\/posts\/130072\/revisions\/130076"}],"wp:featuredmedia":[{"embeddable":true,"href":"https:\/\/casaslujobarcelona.com\/en\/wp-json\/wp\/v2\/media\/130073"}],"wp:attachment":[{"href":"https:\/\/casaslujobarcelona.com\/en\/wp-json\/wp\/v2\/media?parent=130072"}],"wp:term":[{"taxonomy":"category","embeddable":true,"href":"https:\/\/casaslujobarcelona.com\/en\/wp-json\/wp\/v2\/categories?post=130072"},{"taxonomy":"post_tag","embeddable":true,"href":"https:\/\/casaslujobarcelona.com\/en\/wp-json\/wp\/v2\/tags?post=130072"}],"curies":[{"name":"wp","href":"https:\/\/api.w.org\/{rel}","templated":true}]}}