{"id":130094,"date":"2026-03-07T20:44:36","date_gmt":"2026-03-07T20:44:36","guid":{"rendered":"https:\/\/casaslujobarcelona.com\/casas-en-arenys-de-mar\/"},"modified":"2026-03-07T20:45:15","modified_gmt":"2026-03-07T20:45:15","slug":"casas-en-arenys-de-mar","status":"publish","type":"post","link":"https:\/\/casaslujobarcelona.com\/en\/casas-en-arenys-de-mar\/","title":{"rendered":"Casas en Arenys de Mar"},"content":{"rendered":"<h1>\u00bfAdi\u00f3s al estr\u00e9s de Barcelona? Descubre por qu\u00e9 Arenys de Mar es el refugio definitivo frente al Mediterr\u00e1neo<\/h1>\n<h2>Introducci\u00f3n<\/h2>\n<p>Imagina despertar con el aroma del salitre, caminar por una Riera centenaria llena de comercios locales y tener la posibilidad de trabajar en una gran metr\u00f3polis sin sufrir su caos diario. <strong>Vivir en Arenys de Mar<\/strong> se ha convertido en el deseo de quienes buscan un equilibrio real: la autenticidad de un pueblo marinero con la infraestructura de una ciudad moderna. A tan solo 40 kil\u00f3metros de la capital catalana, este rinc\u00f3n del Maresme ofrece una calidad de vida que parece extra\u00edda de una novela mediterr\u00e1nea, pero con la conectividad y servicios que exige el siglo XXI.<\/p>\n<h1>Situaci\u00f3n geogr\u00e1fica<\/h1>\n<p>Arenys de Mar se ubica en el coraz\u00f3n de la comarca del <strong>Maresme<\/strong>, en la provincia de Barcelona. Se extiende a lo largo de una franja costera privilegiada, flanqueada por las aguas del Mediterr\u00e1neo y las primeras estribaciones de la Cordillera Litoral. Su ubicaci\u00f3n estrat\u00e9gica lo sit\u00faa entre la gran urbe de Barcelona y los paisajes m\u00e1s salvajes de la Costa Brava, limitando con municipios como Arenys de Munt, Caldes d\u2019Estrac y Canet de Mar.<\/p>\n<h2>El Puerto: El latido econ\u00f3mico y el para\u00edso del gourmet<\/h2>\n<p>El puerto de Arenys no es solo un muelle; es el motor que da vida a toda la poblaci\u00f3n. Considerado uno de los m\u00e1s importantes de la costa catalana, es el principal puerto pesquero de la comarca y un centro neur\u00e1lgico para la navegaci\u00f3n de recreo.<\/p>\n<p>La vitalidad de este lugar se palpa cada tarde en la <strong>Lonja<\/strong>, donde la subasta de pescado fresco atrae tanto a profesionales como a curiosos. En t\u00e9rminos econ\u00f3micos, la pesca sigue siendo un pilar fundamental, pero ha sabido evolucionar hacia un sector n\u00e1utico deportivo de primer nivel.<\/p>\n<p>Desde el punto de vista gastron\u00f3mico, Arenys de Mar juega en las grandes ligas. Productos estrella como la <strong>gamba de Arenys<\/strong> y el <strong>calamar local<\/strong> son los protagonistas de cert\u00e1menes culinarios anuales que atraen a miles de visitantes. Los restaurantes del puerto y del centro hist\u00f3rico ofrecen una cocina de proximidad donde el producto pasa del barco al plato en cuesti\u00f3n de horas, una estad\u00edstica de frescura dif\u00edcil de igualar en otros puntos del litoral.<\/p>\n<h2>Entre el Modernismo y el mito literario de Sinera<\/h2>\n<p>Caminar por Arenys es realizar un viaje por la historia de Catalu\u00f1a. La fisonom\u00eda del pueblo est\u00e1 marcada por la <strong>Riera<\/strong>, el eje social donde se concentra la actividad comercial y los edificios m\u00e1s emblem\u00e1ticos.<\/p>\n<ul>\n<li><strong>Legado Modernista:<\/strong> El Mercado Municipal, obra del arquitecto C\u00e8sar Martinell, es una joya que sigue funcionando como el pulm\u00f3n comercial de la villa. A su alrededor, casas se\u00f1oriales de antiguos \u201cindianos\u201d cuentan historias de fortunas forjadas en Am\u00e9rica.<\/li>\n<li><strong>El Cementerio de Sinera:<\/strong> Gracias al poeta Salvador Espriu, el cementerio local se ha convertido en un mito literario universal. Ubicado en la colina de la Piedad, ofrece unas vistas espectaculares al mar y alberga obras de escultores de renombre como Josep Llimona, lo que lo convierte en uno de los cementerios m\u00e1s bellos de Europa.<\/li>\n<li><strong>Cultura Viva:<\/strong> Las tradiciones no son solo para los turistas. Festividades como la de Sant Roc, con los \u201cmacips\u201d rociando agua perfumada, demuestran que el sentimiento de comunidad sigue m\u00e1s vivo que nunca.<\/li>\n<\/ul>\n<h2>Log\u00edstica y bienestar: Lo que debes saber antes de mudarte<\/h2>\n<p>Vivir en el Maresme ofrece una ventaja competitiva: un microclima envidiable con m\u00e1s de <strong>300 d\u00edas de sol al a\u00f1o<\/strong>. En Arenys de Mar, esto se traduce en inviernos moderados y veranos refrescados por la brisa marina.<\/p>\n<p>Para quienes se plantean la residencia permanente, la conectividad es un factor decisivo. La l\u00ednea <strong>R1 de Rodalies<\/strong> permite llegar al centro de Barcelona en aproximadamente 50 minutos, recorriendo toda la l\u00ednea de costa. Adem\u00e1s, el acceso r\u00e1pido a la autopista C-32 y la carretera N-II facilita los desplazamientos por carretera.<\/p>\n<p>El entorno natural es otro de sus grandes activos. Desde las amplias playas del Cavai\u00f3 o la Musclera (ideal para quienes buscan tranquilidad) hasta la cercan\u00eda con el Parque Natural del Montnegre i el Corredor, las opciones para el deporte al aire libre son infinitas. La oferta educativa incluye colegios p\u00fablicos, concertados e internacionales en las proximidades, lo que consolida a Arenys como un destino preferente para familias j\u00f3venes que huyen de la contaminaci\u00f3n de la gran ciudad.<\/p>\n<h2>Conclusiones clave<\/h2>\n<ul>\n<li><strong>Equilibrio perfecto:<\/strong> Combina la tranquilidad de un entorno mar\u00edtimo con una conectividad excelente hacia Barcelona y Matar\u00f3.<\/li>\n<li><strong>Riqueza cultural y gastron\u00f3mica:<\/strong> Dispone de un patrimonio modernista \u00fanico y una de las mejores ofertas de pescado fresco de toda Catalu\u00f1a.<\/li>\n<li><strong>Calidad de vida superior:<\/strong> Playas de alta calidad, un clima privilegiado y un entorno seguro, ideal para establecer una residencia familiar a largo plazo.<\/li>\n<\/ul>\n","protected":false},"excerpt":{"rendered":"<p>\u00bfAdi\u00f3s al estr\u00e9s de Barcelona? Descubre por qu\u00e9 Arenys de Mar es el refugio definitivo frente al Mediterr\u00e1neo Introducci\u00f3n Imagina despertar con el aroma del salitre, caminar por una Riera centenaria llena de comercios locales y tener la posibilidad de trabajar en una gran metr\u00f3polis sin sufrir su caos diario. Vivir en Arenys de Mar [&hellip;]<\/p>\n","protected":false},"author":4,"featured_media":130095,"comment_status":"closed","ping_status":"","sticky":false,"template":"","format":"standard","meta":{"_joinchat":[],"footnotes":""},"categories":[1400],"tags":[],"class_list":["post-130094","post","type-post","status-publish","format-standard","has-post-thumbnail","hentry","category-casas-y-propiedades-de-lujo"],"_links":{"self":[{"href":"https:\/\/casaslujobarcelona.com\/en\/wp-json\/wp\/v2\/posts\/130094","targetHints":{"allow":["GET"]}}],"collection":[{"href":"https:\/\/casaslujobarcelona.com\/en\/wp-json\/wp\/v2\/posts"}],"about":[{"href":"https:\/\/casaslujobarcelona.com\/en\/wp-json\/wp\/v2\/types\/post"}],"author":[{"embeddable":true,"href":"https:\/\/casaslujobarcelona.com\/en\/wp-json\/wp\/v2\/users\/4"}],"replies":[{"embeddable":true,"href":"https:\/\/casaslujobarcelona.com\/en\/wp-json\/wp\/v2\/comments?post=130094"}],"version-history":[{"count":3,"href":"https:\/\/casaslujobarcelona.com\/en\/wp-json\/wp\/v2\/posts\/130094\/revisions"}],"predecessor-version":[{"id":130098,"href":"https:\/\/casaslujobarcelona.com\/en\/wp-json\/wp\/v2\/posts\/130094\/revisions\/130098"}],"wp:featuredmedia":[{"embeddable":true,"href":"https:\/\/casaslujobarcelona.com\/en\/wp-json\/wp\/v2\/media\/130095"}],"wp:attachment":[{"href":"https:\/\/casaslujobarcelona.com\/en\/wp-json\/wp\/v2\/media?parent=130094"}],"wp:term":[{"taxonomy":"category","embeddable":true,"href":"https:\/\/casaslujobarcelona.com\/en\/wp-json\/wp\/v2\/categories?post=130094"},{"taxonomy":"post_tag","embeddable":true,"href":"https:\/\/casaslujobarcelona.com\/en\/wp-json\/wp\/v2\/tags?post=130094"}],"curies":[{"name":"wp","href":"https:\/\/api.w.org\/{rel}","templated":true}]}}