{"id":130122,"date":"2026-03-07T20:56:56","date_gmt":"2026-03-07T20:56:56","guid":{"rendered":"https:\/\/casaslujobarcelona.com\/casas-en-torello\/"},"modified":"2026-03-07T20:57:44","modified_gmt":"2026-03-07T20:57:44","slug":"casas-en-torello","status":"publish","type":"post","link":"https:\/\/casaslujobarcelona.com\/en\/casas-en-torello\/","title":{"rendered":"Casas en Torell\u00f3"},"content":{"rendered":"<h1>Vivir en Torell\u00f3: \u00bfEl secreto mejor guardado de Osona para una calidad de vida de \u00e9lite?<\/h1>\n<h2>Introducci\u00f3n<\/h2>\n<p>\u00bfTe imaginas despertar con el murmullo de los r\u00edos Ter y Ges, rodeado de monta\u00f1as imponentes, pero con todos los servicios de una ciudad moderna a tu alcance? <strong>Vivir en Torell\u00f3<\/strong> no es solo cambiar de c\u00f3digo postal; es elegir un estilo de vida donde la herencia industrial se abraza con una naturaleza desbordante. Situado en el coraz\u00f3n de la comarca de Osona, este municipio ha sabido reinventarse, pasando de ser un motor artesanal de la madera a convertirse en un referente cultural internacional. Si buscas un refugio con identidad propia, lejos del caos metropolitano pero vibrante en cada esquina, Torell\u00f3 tiene una historia que contarte.<\/p>\n<h1>Situaci\u00f3n geogr\u00e1fica<\/h1>\n<p>Torell\u00f3 se ubica estrat\u00e9gicamente al norte de la <strong>Plana de Vic<\/strong>, justo en el punto de confluencia donde el r\u00edo Ges entrega sus aguas al Ter. Pertenece a la comarca de <strong>Osona<\/strong> y act\u00faa como la capital natural de la denominada <strong>Vall del Ges<\/strong>. Su entorno est\u00e1 custodiado por relieves emblem\u00e1ticos como el Puigsacalm y el espacio natural de las Guilleries-Savassona, lo que le confiere un paisaje fluvial y monta\u00f1oso \u00fanico en la provincia de Barcelona.<\/p>\n<h2>Un alma industrial con proyecci\u00f3n internacional<\/h2>\n<p>Torell\u00f3 no es un pueblo dormitorio; es una comunidad con un ADN forjado en el esfuerzo y la creatividad. Su historia est\u00e1 ligada indisolublemente al <strong>torneado de madera y cuerno<\/strong>, un oficio que evolucion\u00f3 de la artesan\u00eda a la industria y que hoy se puede revivir en el <strong>Museu de la Torneria<\/strong>, ubicado en una antigua f\u00e1brica rehabilitada.<\/p>\n<p>Pero lo que realmente pone a Torell\u00f3 en el mapa global es su efervescencia cultural. El municipio es sede del <strong>Festival de Cinema de Muntanya<\/strong>, uno de los cert\u00e1menes de aventura y ecolog\u00eda m\u00e1s prestigiosos del mundo, que cada noviembre atrae a expertos y aficionados de los cinco continentes. Adem\u00e1s, para quienes buscan la cara m\u00e1s l\u00fadica de la vida, el <strong>Carnaval de Terra Endins<\/strong> es una cita ineludible: una celebraci\u00f3n multitudinaria y aut\u00e9ntica que transforma las calles con personajes ic\u00f3nicos como el <em>Pullassu<\/em> y el desfile de <em>Senyoretes i Homenots<\/em>.<\/p>\n<h2>El mercado inmobiliario: Calidad a precio competitivo<\/h2>\n<p>Para quienes se plantean <strong>mudarse a Osona<\/strong>, el an\u00e1lisis financiero es clave. Torell\u00f3 ofrece una alternativa extremadamente atractiva frente a los precios desorbitados del \u00e1rea metropolitana de Barcelona.<\/p>\n<ul>\n<li><strong>Precio del metro cuadrado:<\/strong> Actualmente, el valor medio de la vivienda se sit\u00faa en torno a los <strong>1.341 \u20ac\/m\u00b2<\/strong>. Aunque ha experimentado un ligero crecimiento anual del 1,5%, sigue estando significativamente por debajo de los m\u00e1ximos hist\u00f3ricos de la d\u00e9cada pasada (1.450 \u20ac\/m\u00b2).<\/li>\n<li><strong>Estabilidad y oferta:<\/strong> El mercado muestra una tendencia a la estabilizaci\u00f3n, especialmente en el sector de los pisos plurifamiliares, lo que lo convierte en un momento estrat\u00e9gico tanto para compradores como para inversores.<\/li>\n<li><strong>Servicios ciudadanos:<\/strong> El Ayuntamiento ha digitalizado gran parte de su gesti\u00f3n, facilitando tr\u00e1mites desde la <strong>Seu Electr\u00f2nica<\/strong> y ofreciendo una Oficina de Atenci\u00f3n Ciudadana (OAC) eficiente que agiliza la integraci\u00f3n de los nuevos residentes.<\/li>\n<\/ul>\n<h2>Vida cotidiana: Gastronom\u00eda, naturaleza y servicios<\/h2>\n<p>Vivir en Torell\u00f3 significa tener la despensa llena de los mejores productos de Catalu\u00f1a. La tradici\u00f3n charcutera de Osona aqu\u00ed alcanza la excelencia con el <strong>fuet, la llonganissa de Vic y la somalla<\/strong>, productos que son el alma de cualquier mesa local.<\/p>\n<p>Para las familias y amantes del deporte, el entorno natural ofrece rutas infinitas de senderismo y cicloturismo que bordean el Ter. Un punto de visita obligada es la <strong>Colonia de Borgony\u00e0<\/strong>, conocida como \u201cla de los ingleses\u201d. Este enclave arquitect\u00f3nico de estilo escoc\u00e9s, con sus casas de ladrillo visto y su iglesia singular, fue declarado Bien Cultural de Inter\u00e9s Nacional y representa un oasis de tranquilidad e historia.<\/p>\n<p>En el \u00e1mbito de los servicios, el <strong>Teatre Cirvianum<\/strong> y la <strong>Biblioteca Dos Rius<\/strong> act\u00faan como los pulmones intelectuales de la villa, asegurando una agenda cultural activa durante todo el a\u00f1o, desde obras teatrales de primer nivel hasta talleres infantiles y mercados de intercambio como el popular <em>Mercat del Trasto<\/em>.<\/p>\n<h2>Conclusiones clave<\/h2>\n<ul>\n<li><strong>Equilibrio econ\u00f3mico:<\/strong> El precio de la vivienda (1.341 \u20ac\/m\u00b2) ofrece una oportunidad de oro para quienes buscan calidad sin hipotecar su futuro.<\/li>\n<li><strong>Identidad cultural potente:<\/strong> Eventos como el Festival de Cinema de Muntanya y el Carnaval dotan al municipio de una vida social que pocos lugares de su tama\u00f1o pueden igualar.<\/li>\n<li><strong>Entorno estrat\u00e9gico:<\/strong> La combinaci\u00f3n de servicios urbanos eficientes con el acceso inmediato a espacios naturales como las Guilleries garantiza un bienestar integral.<\/li>\n<\/ul>\n","protected":false},"excerpt":{"rendered":"<p>Vivir en Torell\u00f3: \u00bfEl secreto mejor guardado de Osona para una calidad de vida de \u00e9lite? Introducci\u00f3n \u00bfTe imaginas despertar con el murmullo de los r\u00edos Ter y Ges, rodeado de monta\u00f1as imponentes, pero con todos los servicios de una ciudad moderna a tu alcance? Vivir en Torell\u00f3 no es solo cambiar de c\u00f3digo postal; [&hellip;]<\/p>\n","protected":false},"author":4,"featured_media":130125,"comment_status":"closed","ping_status":"","sticky":false,"template":"","format":"standard","meta":{"_joinchat":[],"footnotes":""},"categories":[1400],"tags":[],"class_list":["post-130122","post","type-post","status-publish","format-standard","has-post-thumbnail","hentry","category-casas-y-propiedades-de-lujo"],"_links":{"self":[{"href":"https:\/\/casaslujobarcelona.com\/en\/wp-json\/wp\/v2\/posts\/130122","targetHints":{"allow":["GET"]}}],"collection":[{"href":"https:\/\/casaslujobarcelona.com\/en\/wp-json\/wp\/v2\/posts"}],"about":[{"href":"https:\/\/casaslujobarcelona.com\/en\/wp-json\/wp\/v2\/types\/post"}],"author":[{"embeddable":true,"href":"https:\/\/casaslujobarcelona.com\/en\/wp-json\/wp\/v2\/users\/4"}],"replies":[{"embeddable":true,"href":"https:\/\/casaslujobarcelona.com\/en\/wp-json\/wp\/v2\/comments?post=130122"}],"version-history":[{"count":3,"href":"https:\/\/casaslujobarcelona.com\/en\/wp-json\/wp\/v2\/posts\/130122\/revisions"}],"predecessor-version":[{"id":130127,"href":"https:\/\/casaslujobarcelona.com\/en\/wp-json\/wp\/v2\/posts\/130122\/revisions\/130127"}],"wp:featuredmedia":[{"embeddable":true,"href":"https:\/\/casaslujobarcelona.com\/en\/wp-json\/wp\/v2\/media\/130125"}],"wp:attachment":[{"href":"https:\/\/casaslujobarcelona.com\/en\/wp-json\/wp\/v2\/media?parent=130122"}],"wp:term":[{"taxonomy":"category","embeddable":true,"href":"https:\/\/casaslujobarcelona.com\/en\/wp-json\/wp\/v2\/categories?post=130122"},{"taxonomy":"post_tag","embeddable":true,"href":"https:\/\/casaslujobarcelona.com\/en\/wp-json\/wp\/v2\/tags?post=130122"}],"curies":[{"name":"wp","href":"https:\/\/api.w.org\/{rel}","templated":true}]}}