{"id":135858,"date":"2026-04-21T21:07:35","date_gmt":"2026-04-21T21:07:35","guid":{"rendered":"https:\/\/casaslujobarcelona.com\/mansiones-en-manlleu\/"},"modified":"2026-04-21T21:07:45","modified_gmt":"2026-04-21T21:07:45","slug":"mansiones-en-manlleu","status":"publish","type":"post","link":"https:\/\/casaslujobarcelona.com\/en\/mansiones-en-manlleu\/","title":{"rendered":"Mansiones en Manlleu"},"content":{"rendered":"<h1>Vivir en Manlleu: El renacer de la \u201cCapital del Ter\u201d que equilibra calidad de vida y precios competitivos<\/h1>\n<h2>Introducci\u00f3n<\/h2>\n<p>\u00bfEs posible encontrar una ciudad que combine un rico legado industrial, un entorno natural privilegiado y precios de vivienda que a\u00fan permiten so\u00f1ar? En el coraz\u00f3n de la comarca de Osona, <strong>Manlleu<\/strong> se erige como una respuesta contundente. Conocida hist\u00f3ricamente como la capital del r\u00edo Ter, esta localidad ha sabido transformar su pasado textil en una oferta cultural y residencial vibrante. Si est\u00e1s buscando un cambio de aires donde la comunidad y la historia se encuentran en cada esquina, Manlleu podr\u00eda ser tu pr\u00f3ximo hogar.<\/p>\n<h1>Situaci\u00f3n geogr\u00e1fica<\/h1>\n<p>Manlleu se ubica en la provincia de Barcelona, dentro de la emblem\u00e1tica comarca de <strong>Osona<\/strong>. Se sit\u00faa estrat\u00e9gicamente en la zona de la Plana de Vic, a orillas del r\u00edo Ter, elemento que ha definido su fisonom\u00eda y desarrollo. Su posici\u00f3n la conecta de forma fluida con la capital comarcal, Vic, y la sit\u00faa como un nodo importante de actividad entre la costa catalana y el Pirineo.<\/p>\n<h2>El encanto de la \u201cCiudad del Agua\u201d: Patrimonio y Vida Social<\/h2>\n<p>Vivir en Manlleu es sumergirse en una narrativa donde el agua es el hilo conductor. El <strong>Museo del Ter<\/strong>, ubicado en la antigua f\u00e1brica de Can Sanglas de 1841, no es solo un recordatorio del pasado, sino un centro activo de investigaci\u00f3n y educaci\u00f3n ambiental. Este compromiso con el entorno se refleja en el <strong>Passeig del Ter<\/strong>, un aut\u00e9ntico pulm\u00f3n verde que funciona como el patio de recreo para los residentes, ideal para el running, el ciclismo o simplemente desconectar junto al cauce.<\/p>\n<p>El pulso social de la villa late con fuerza en la <strong>Pla\u00e7a de Fra Bernad\u00ed<\/strong>. Se trata de una de las plazas porticadas m\u00e1s grandes de Catalu\u00f1a, un espacio majestuoso donde la arquitectura de principios del siglo XX se encuentra con la vida cotidiana de terrazas y mercados. Es aqu\u00ed donde se percibe esa atm\u00f3sfera de pueblo grande que conserva la calidez del trato cercano pero con todos los servicios de una ciudad moderna.<\/p>\n<blockquote>\n<p>\u201cEl mercado inmobiliario en zonas como Manlleu est\u00e1 absorbiendo el stock de forma progresiva, impulsado por una demanda que busca valores competitivos sin alejarse de la infraestructura urbana de la provincia de Barcelona.\u201d<\/p>\n<\/blockquote>\n<h2>Oportunidad estrat\u00e9gica: El mercado de la vivienda en 2024<\/h2>\n<p>Para quienes consideran mudarse, el aspecto econ\u00f3mico es determinante. Actualmente, Manlleu se posiciona como una joya de inversi\u00f3n dentro de la provincia de Barcelona. Los informes m\u00e1s recientes del sector indican que el <strong>precio medio de la vivienda se sit\u00faa en torno a los 1.107 \u20ac\/m\u00b2<\/strong>.<\/p>\n<p>Lo verdaderamente interesante es la tendencia: aunque el mercado ha experimentado un <strong>crecimiento anual del 5,4%<\/strong>, los precios actuales est\u00e1n un <strong>23,7% por debajo de los m\u00e1ximos hist\u00f3ricos<\/strong> registrados en 2011. Esta brecha representa una ventana de oportunidad \u00fanica para compradores que buscan una vivienda espaciosa y de calidad por una fracci\u00f3n de lo que costar\u00edan en el \u00e1rea metropolitana de Barcelona. La diversidad de la oferta, que oscila entre el encanto del casco antiguo y las nuevas zonas residenciales, permite encontrar opciones para todos los perfiles, desde familias j\u00f3venes hasta inversores.<\/p>\n<h2>Tradici\u00f3n y Gastronom\u00eda: Un estilo de vida aut\u00e9ntico<\/h2>\n<p>No se puede entender Manlleu sin su calendario festivo y su mesa. La <strong>Festa del Serpent<\/strong>, que se celebra cada 14 de agosto, es un espect\u00e1culo de teatro callejero, m\u00fasica y fuego que cohesiona a la comunidad y atrae a visitantes de toda la regi\u00f3n. Este dinamismo cultural se complementa con eventos como la <strong>Festa del Porc i la Cervesa<\/strong>, celebrando los productos estrella de Osona.<\/p>\n<p>En el plano gastron\u00f3mico, vivir aqu\u00ed es un fest\u00edn para los sentidos. La calidad de los embutidos locales \u2014como el fuet, la longaniza y la butifarra\u2014 es reconocida en todo el pa\u00eds. Adem\u00e1s, la reposter\u00eda artesana, con los famosos <strong>\u2018manlleuencs\u2019<\/strong>, a\u00f1ade el toque dulce a una vida diaria marcada por la calidad del producto de proximidad.<\/p>\n<h3>Recomendaciones para nuevos residentes:<\/h3>\n<ol>\n<li><strong>Explora el entorno fluvial:<\/strong> Aprovecha el embarcadero durante el verano para navegar por el Ter; es una perspectiva de la ciudad que pocos conocen.<\/li>\n<li><strong>Sum\u00e9rgete en la cultura local:<\/strong> Visita el Santuario de Puig-agut no solo por su arquitectura, sino por las vistas panor\u00e1micas incomparables de toda la Plana de Vic.<\/li>\n<li><strong>Gesti\u00f3n digital:<\/strong> El ayuntamiento cuenta con una oficina virtual eficiente que facilita enormemente los tr\u00e1mites de empadronamiento y servicios desde el primer d\u00eda.<\/li>\n<\/ol>\n<h2>Conclusiones clave<\/h2>\n<ul>\n<li><strong>Inversi\u00f3n inteligente:<\/strong> El precio por metro cuadrado (1.107 \u20ac\/m\u00b2) ofrece una de las mejores relaciones calidad-precio en la provincia de Barcelona.<\/li>\n<li><strong>Entorno saludable:<\/strong> El Passeig del Ter y la red de senderismo fluvial garantizan una alta calidad de vida y contacto constante con la naturaleza.<\/li>\n<li><strong>Identidad cultural s\u00f3lida:<\/strong> Desde la leyenda del Serpent hasta su patrimonio industrial textil, Manlleu ofrece una experiencia de vida con car\u00e1cter y profundidad hist\u00f3rica.<\/li>\n<\/ul>\n","protected":false},"excerpt":{"rendered":"<p>Vivir en Manlleu: El renacer de la \u201cCapital del Ter\u201d que equilibra calidad de vida y precios competitivos Introducci\u00f3n \u00bfEs posible encontrar una ciudad que combine un rico legado industrial, un entorno natural privilegiado y precios de vivienda que a\u00fan permiten so\u00f1ar? En el coraz\u00f3n de la comarca de Osona, Manlleu se erige como una [&hellip;]<\/p>\n","protected":false},"author":4,"featured_media":135859,"comment_status":"closed","ping_status":"","sticky":false,"template":"","format":"standard","meta":{"_joinchat":[],"footnotes":""},"categories":[1408],"tags":[],"class_list":["post-135858","post","type-post","status-publish","format-standard","has-post-thumbnail","hentry","category-mansiones-exclusivas"],"_links":{"self":[{"href":"https:\/\/casaslujobarcelona.com\/en\/wp-json\/wp\/v2\/posts\/135858","targetHints":{"allow":["GET"]}}],"collection":[{"href":"https:\/\/casaslujobarcelona.com\/en\/wp-json\/wp\/v2\/posts"}],"about":[{"href":"https:\/\/casaslujobarcelona.com\/en\/wp-json\/wp\/v2\/types\/post"}],"author":[{"embeddable":true,"href":"https:\/\/casaslujobarcelona.com\/en\/wp-json\/wp\/v2\/users\/4"}],"replies":[{"embeddable":true,"href":"https:\/\/casaslujobarcelona.com\/en\/wp-json\/wp\/v2\/comments?post=135858"}],"version-history":[{"count":1,"href":"https:\/\/casaslujobarcelona.com\/en\/wp-json\/wp\/v2\/posts\/135858\/revisions"}],"predecessor-version":[{"id":135860,"href":"https:\/\/casaslujobarcelona.com\/en\/wp-json\/wp\/v2\/posts\/135858\/revisions\/135860"}],"wp:featuredmedia":[{"embeddable":true,"href":"https:\/\/casaslujobarcelona.com\/en\/wp-json\/wp\/v2\/media\/135859"}],"wp:attachment":[{"href":"https:\/\/casaslujobarcelona.com\/en\/wp-json\/wp\/v2\/media?parent=135858"}],"wp:term":[{"taxonomy":"category","embeddable":true,"href":"https:\/\/casaslujobarcelona.com\/en\/wp-json\/wp\/v2\/categories?post=135858"},{"taxonomy":"post_tag","embeddable":true,"href":"https:\/\/casaslujobarcelona.com\/en\/wp-json\/wp\/v2\/tags?post=135858"}],"curies":[{"name":"wp","href":"https:\/\/api.w.org\/{rel}","templated":true}]}}