{"id":135861,"date":"2026-04-21T21:10:15","date_gmt":"2026-04-21T21:10:15","guid":{"rendered":"https:\/\/casaslujobarcelona.com\/mansiones-en-torello\/"},"modified":"2026-04-21T21:10:25","modified_gmt":"2026-04-21T21:10:25","slug":"mansiones-en-torello","status":"publish","type":"post","link":"https:\/\/casaslujobarcelona.com\/en\/mansiones-en-torello\/","title":{"rendered":"Mansiones en Torell\u00f3"},"content":{"rendered":"<h1>Vivir en Torell\u00f3: El secreto mejor guardado de Osona para una vida equilibrada y vibrante<\/h1>\n<h2>Introducci\u00f3n<\/h2>\n<p>\u00bfAlguna vez has so\u00f1ado con despertar en un entorno donde la naturaleza abraza a la industria y la tradici\u00f3n se funde con la modernidad? En el coraz\u00f3n de la comarca de Osona, existe un rinc\u00f3n que est\u00e1 captando la atenci\u00f3n de quienes buscan escapar del caos metropolitano sin renunciar a los servicios de una ciudad. <strong>Vivir en Torell\u00f3<\/strong> no es solo un cambio de c\u00f3digo postal; es sumergirse en una comunidad con una identidad de hierro, una agenda cultural de prestigio internacional y un mercado inmobiliario que todav\u00eda permite so\u00f1ar con la casa propia. Si buscas calidad de vida en la Catalu\u00f1a central, prep\u00e1rate para descubrir por qu\u00e9 Torell\u00f3 es la opci\u00f3n que muchos estaban esperando.<\/p>\n<h1>Situaci\u00f3n geogr\u00e1fica<\/h1>\n<p>Torell\u00f3 se ubica estrat\u00e9gicamente en la zona conocida como la <strong>Vall del Ges<\/strong>, marcando el l\u00edmite septentrional de la Plana de Vic. El municipio se asienta en un punto geogr\u00e1fico privilegiado: la confluencia de los r\u00edos Ter y Ges, lo que hist\u00f3ricamente ha definido su paisaje y su desarrollo. Con una extensi\u00f3n de 13,5 km\u00b2 y a una altitud de 508 metros, limita al norte con Sant Vicen\u00e7 y Sant Pere de Torell\u00f3, al este con l\u2019Esquirol, al sur con Manlleu y al oeste con las Masies de Voltreg\u00e0. Su ubicaci\u00f3n lo convierte en un nudo de comunicaciones natural entre la monta\u00f1a y la llanura.<\/p>\n<h2>Econom\u00eda y Vivienda: Oportunidades en el coraz\u00f3n de Catalu\u00f1a<\/h2>\n<p>A diferencia de los precios prohibitivos de la capital catalana, Torell\u00f3 se presenta como un refugio de estabilidad financiera. Actualmente, el mercado inmobiliario en la zona ofrece un <strong>precio medio de 1.144 \u20ac\/m\u00b2<\/strong>, lo que representa una opci\u00f3n significativamente m\u00e1s accesible para familias y j\u00f3venes profesionales. Aunque ha experimentado un crecimiento anual moderado del 4,5%, se mantiene lejos de los m\u00e1ximos hist\u00f3ricos de 2008, ofreciendo un margen de revalorizaci\u00f3n atractivo para inversores.<\/p>\n<p>La econom\u00eda local es el motor que sustenta esta estabilidad. Con una tradici\u00f3n centenaria en la <strong>torner\u00eda de madera y cuerno<\/strong>, Torell\u00f3 ha sabido evolucionar hacia una industria diversa que abarca la metalurgia, los pl\u00e1sticos y la alimentaci\u00f3n. Hoy en d\u00eda, la villa no solo es un lugar para residir, sino que act\u00faa como el centro comercial y de servicios para toda la Vall del Ges, garantizando una autonom\u00eda econ\u00f3mica que pocos municipios de su tama\u00f1o pueden presumir. Los expertos coinciden en que la mezcla de industria consolidada y comercio de proximidad crea un ecosistema de empleo resiliente ante las crisis externas.<\/p>\n<h2>Cultura y Comunidad: Donde la fiesta se vive, no se celebra<\/h2>\n<p>Si algo define la personalidad de Torell\u00f3 es su esp\u00edritu indomable y su vibrante vida social. La localidad es mundialmente conocida por el <strong>Carnaval de Terra Endins<\/strong>, una festividad que trasciende lo convencional para convertirse en un ritual de transgresi\u00f3n y creatividad colectiva. Eventos como el <em>Pullassu<\/em> o la <em>Gran Rua de Carrosses<\/em> atraen a miles de visitantes, demostrando una capacidad organizativa y un tejido asociativo envidiables.<\/p>\n<p>Pero no todo es desenfreno. La excelencia cultural se manifiesta cada noviembre con el <strong>Festival de Cinema de Muntanya<\/strong>, un certamen de relevancia internacional que sit\u00faa a Torell\u00f3 en el mapa de los amantes de la aventura y el s\u00e9ptimo arte. Esta dualidad entre la fiesta popular y el rigor cultural crea un ambiente intelectual y social sumamente estimulante. Adem\u00e1s, el Santuario de Rocaprevera no solo ofrece vistas panor\u00e1micas espectaculares del valle, sino que sirve como punto de encuentro para las tradiciones m\u00e1s arraigadas, como el Aplec de septiembre, consolidando un sentido de pertenencia muy fuerte entre sus m\u00e1s de 14.000 habitantes.<\/p>\n<h2>Servicios y Conectividad: La comodidad de tenerlo todo<\/h2>\n<p>Vivir en Torell\u00f3 significa disfrutar de una administraci\u00f3n local que ha apostado por la digitalizaci\u00f3n y la transparencia. Los ciudadanos tienen acceso a una gesti\u00f3n eficiente a trav\u00e9s de canales electr\u00f3nicos, facilitando tr\u00e1mites que en grandes urbes suelen ser un dolor de cabeza. En el \u00e1mbito educativo y sanitario, la villa cuenta con una infraestructura s\u00f3lida que cubre las necesidades de todas las etapas de la vida, desde guarder\u00edas hasta centros de atenci\u00f3n primaria de calidad.<\/p>\n<p>Para quienes valoran el tiempo libre, el entorno natural ofrece rutas de senderismo infinitas por la Vall del Ges y la ribera del Ter. La gastronom\u00eda es otro pilar fundamental; vivir aqu\u00ed es tener acceso directo a los mejores embutidos artesanales de Osona, como la llonganissa, el fuet y la somalla, productos que son parte del ADN local. La conectividad con Vic y Barcelona, sumada a la tranquilidad de un entorno rodeado de r\u00edos y monta\u00f1as, convierte a este municipio en el equilibrio perfecto para el teletrabajo o la vida familiar activa.<\/p>\n<h2>Conclusiones clave<\/h2>\n<ul>\n<li><strong>Accesibilidad Inmobiliaria:<\/strong> Con un precio medio de 1.144 \u20ac\/m\u00b2, es una de las opciones m\u00e1s competitivas y estables de la provincia de Barcelona.<\/li>\n<li><strong>Identidad Cultural \u00danica:<\/strong> El Carnaval de Terra Endins y el Festival de Cinema de Muntanya garantizan una oferta de ocio y cultura de primer nivel durante todo el a\u00f1o.<\/li>\n<li><strong>Entorno Estrat\u00e9gico:<\/strong> Su ubicaci\u00f3n en la confluencia de los r\u00edos Ter y Ges ofrece un paisaje natural excepcional con todas las comodidades de un centro comercial regional.<\/li>\n<\/ul>\n","protected":false},"excerpt":{"rendered":"<p>Vivir en Torell\u00f3: El secreto mejor guardado de Osona para una vida equilibrada y vibrante Introducci\u00f3n \u00bfAlguna vez has so\u00f1ado con despertar en un entorno donde la naturaleza abraza a la industria y la tradici\u00f3n se funde con la modernidad? En el coraz\u00f3n de la comarca de Osona, existe un rinc\u00f3n que est\u00e1 captando la [&hellip;]<\/p>\n","protected":false},"author":4,"featured_media":135862,"comment_status":"closed","ping_status":"","sticky":false,"template":"","format":"standard","meta":{"_joinchat":[],"footnotes":""},"categories":[1408],"tags":[],"class_list":["post-135861","post","type-post","status-publish","format-standard","has-post-thumbnail","hentry","category-mansiones-exclusivas"],"_links":{"self":[{"href":"https:\/\/casaslujobarcelona.com\/en\/wp-json\/wp\/v2\/posts\/135861","targetHints":{"allow":["GET"]}}],"collection":[{"href":"https:\/\/casaslujobarcelona.com\/en\/wp-json\/wp\/v2\/posts"}],"about":[{"href":"https:\/\/casaslujobarcelona.com\/en\/wp-json\/wp\/v2\/types\/post"}],"author":[{"embeddable":true,"href":"https:\/\/casaslujobarcelona.com\/en\/wp-json\/wp\/v2\/users\/4"}],"replies":[{"embeddable":true,"href":"https:\/\/casaslujobarcelona.com\/en\/wp-json\/wp\/v2\/comments?post=135861"}],"version-history":[{"count":1,"href":"https:\/\/casaslujobarcelona.com\/en\/wp-json\/wp\/v2\/posts\/135861\/revisions"}],"predecessor-version":[{"id":135863,"href":"https:\/\/casaslujobarcelona.com\/en\/wp-json\/wp\/v2\/posts\/135861\/revisions\/135863"}],"wp:featuredmedia":[{"embeddable":true,"href":"https:\/\/casaslujobarcelona.com\/en\/wp-json\/wp\/v2\/media\/135862"}],"wp:attachment":[{"href":"https:\/\/casaslujobarcelona.com\/en\/wp-json\/wp\/v2\/media?parent=135861"}],"wp:term":[{"taxonomy":"category","embeddable":true,"href":"https:\/\/casaslujobarcelona.com\/en\/wp-json\/wp\/v2\/categories?post=135861"},{"taxonomy":"post_tag","embeddable":true,"href":"https:\/\/casaslujobarcelona.com\/en\/wp-json\/wp\/v2\/tags?post=135861"}],"curies":[{"name":"wp","href":"https:\/\/api.w.org\/{rel}","templated":true}]}}